{"id":441,"date":"2025-05-29T10:05:49","date_gmt":"2025-05-29T10:05:49","guid":{"rendered":"https:\/\/societabiblica.org\/?p=441"},"modified":"2025-05-29T10:05:50","modified_gmt":"2025-05-29T10:05:50","slug":"tra-memoria-e-futuro-la-sessione-ecumenica-del-sae","status":"publish","type":"post","link":"https:\/\/societabiblica.org\/?p=441","title":{"rendered":"Tra memoria e futuro: la Sessione ecumenica del SAE"},"content":{"rendered":"\n<p>Si svolger\u00e0 presso la Foresteria del monastero di Camaldoli (Arezzo) dal 27 luglio al 2 agosto la 61a Sessione di  formazione ecumenica del Segretariato attivit\u00e0 ecumeniche (SAE, movimento interconfessionale di laici e di laiche per l\u2019ecumenismo e il dialogo, a partire dal dialogo ebraico-cristiano): un\u2019intensa settimana di relazioni, laboratori, preghiere e meditazioni bibliche, animata da pi\u00f9 di quaranta esperti appartenenti alle diverse confessioni cristiane, all\u2019ebraismo e all\u2019islam.<\/p>\n\n\n\n<p>Il tema di quest\u2019anno, \u201cDa Nicea ad oggi. Ecumenismo tra memoria e futuro\u201d, fa riferimento al millesettecentesimo anniversario del primo Concilio ecumenico, quello di Nicea del 325.<\/p>\n\n\n\n<p>Due momenti della Sessione riguarderanno direttamente la Societ\u00e0 biblica in Italia (SBI): marted\u00ec 29 luglio alle 21 sar\u00e0 presentata la Traduzione letteraria ecumenica del Nuovo Testamento, a cura di don Luca Mazzinghi, presidente SBI, e del pastore Luca Maria Negro, segretario generale SBI; sabato 2 agosto, alle 10, il pastore Negro e il teologo cattolico Simone Morandini approfondiranno il tema \u201cConvenire per interpretare le Scritture\u201d.<\/p>\n\n\n\n<p>Per ulteriori informazioni e iscrizioni trovate <strong><a href=\"https:\/\/www.saenotizie.it\/Sessioni\/2025\/PieghevoleSessione25.pdf\">qui<\/a><\/strong> il pieghevole della Sessione.<\/p>\n\n\n\n<p><\/p>\n","protected":false},"excerpt":{"rendered":"<p>Si svolger\u00e0 presso la Foresteria del monastero di Camaldoli (Arezzo) dal 27 luglio al 2&hellip;<\/p>\n","protected":false},"author":2,"featured_media":442,"comment_status":"open","ping_status":"open","sticky":false,"template":"","format":"standard","meta":{"content-type":"","_lmt_disableupdate":"","_lmt_disable":"","footnotes":""},"categories":[23],"tags":[49,30,31,48],"class_list":["post-441","post","type-post","status-publish","format-standard","has-post-thumbnail","hentry","category-eventi","tag-ecumenismo","tag-luca-mazzinghi","tag-luca-negro","tag-sae"],"_links":{"self":[{"href":"https:\/\/societabiblica.org\/index.php?rest_route=\/wp\/v2\/posts\/441","targetHints":{"allow":["GET"]}}],"collection":[{"href":"https:\/\/societabiblica.org\/index.php?rest_route=\/wp\/v2\/posts"}],"about":[{"href":"https:\/\/societabiblica.org\/index.php?rest_route=\/wp\/v2\/types\/post"}],"author":[{"embeddable":true,"href":"https:\/\/societabiblica.org\/index.php?rest_route=\/wp\/v2\/users\/2"}],"replies":[{"embeddable":true,"href":"https:\/\/societabiblica.org\/index.php?rest_route=%2Fwp%2Fv2%2Fcomments&post=441"}],"version-history":[{"count":1,"href":"https:\/\/societabiblica.org\/index.php?rest_route=\/wp\/v2\/posts\/441\/revisions"}],"predecessor-version":[{"id":443,"href":"https:\/\/societabiblica.org\/index.php?rest_route=\/wp\/v2\/posts\/441\/revisions\/443"}],"wp:featuredmedia":[{"embeddable":true,"href":"https:\/\/societabiblica.org\/index.php?rest_route=\/wp\/v2\/media\/442"}],"wp:attachment":[{"href":"https:\/\/societabiblica.org\/index.php?rest_route=%2Fwp%2Fv2%2Fmedia&parent=441"}],"wp:term":[{"taxonomy":"category","embeddable":true,"href":"https:\/\/societabiblica.org\/index.php?rest_route=%2Fwp%2Fv2%2Fcategories&post=441"},{"taxonomy":"post_tag","embeddable":true,"href":"https:\/\/societabiblica.org\/index.php?rest_route=%2Fwp%2Fv2%2Ftags&post=441"}],"curies":[{"name":"wp","href":"https:\/\/api.w.org\/{rel}","templated":true}]}}